{"id":83,"date":"2015-09-17T22:21:37","date_gmt":"2015-09-17T21:21:37","guid":{"rendered":"http:\/\/www.ohrestueber.ch\/?p=83"},"modified":"2018-09-19T11:58:01","modified_gmt":"2018-09-19T10:58:01","slug":"slowenien-2014","status":"publish","type":"post","link":"https:\/\/www.ohrestueber.ch\/?p=83","title":{"rendered":"Slowenien 2014"},"content":{"rendered":"<p>Die Ohrenst\u00fcber Musikanten begleiteten den Oberkrainerclub \u201cPrijatelji od Slovenija\u201d nach Bled \/ Slowenien. &#8222;Leider&#8220; ohne Besuch Alpski-Vecer.<\/p>\n<p>Vom Donnerstag 24. bis Montag 28. April 2014 durften wir uns mit zirka<br \/>\n70 Oberkrainer &#8211; Musikbegeisterte von der sch\u00f6nen Gegend rund um Bled und nat\u00fcrlich guter Musik verf\u00fchren lassen.<a href=\"http:\/\/www.ohrestueber.ch\/wp-content\/uploads\/2015\/09\/slo14_040.jpg\"><img loading=\"lazy\" decoding=\"async\" class=\"size-medium wp-image-186 alignright\" src=\"http:\/\/www.ohrestueber.ch\/wp-content\/uploads\/2015\/09\/slo14_040-300x225.jpg\" alt=\"slo14_040\" width=\"300\" height=\"225\" srcset=\"https:\/\/www.ohrestueber.ch\/wp-content\/uploads\/2015\/09\/slo14_040-300x225.jpg 300w, https:\/\/www.ohrestueber.ch\/wp-content\/uploads\/2015\/09\/slo14_040-1024x768.jpg 1024w, https:\/\/www.ohrestueber.ch\/wp-content\/uploads\/2015\/09\/slo14_040.jpg 1600w\" sizes=\"auto, (max-width: 300px) 100vw, 300px\" \/><\/a><\/p>\n<p>Vielen Dank an Peter Bonetti f\u00fcr die Organisation der Reise.<\/p>\n<ul>\n<li><a href=\"http:\/\/www.luz.ch\/g1\/index.php?\/category\/4\" target=\"_blank\" rel=\"noopener\">Bilder von Slowenien<\/a> (Vielen Dank an Guido Bruni)<\/li>\n<li><strong>Bericht der Reise auf <a href=\"http:\/\/www.oberkrainerclub.ch\/bluewin\/slovenienreisen1.htm\" target=\"_blank\" rel=\"noopener\">www.oberkrainerclub.ch<\/a><\/strong><\/li>\n<li><a href=\"http:\/\/www.oberkrainerclub.ch\/\" target=\"_blank\" rel=\"noopener\">Oberkrainerclub<\/a> \u201cPrijatelji od Slovenija\u201d<\/li>\n<\/ul>\n<p>Merci an Pedro Bonetti f\u00fcr die Organisation der Reise.<\/p>\n","protected":false},"excerpt":{"rendered":"<p>Die Ohrenst\u00fcber Musikanten begleiteten den Oberkrainerclub \u201cPrijatelji od Slovenija\u201d nach Bled \/ Slowenien. &#8222;Leider&#8220; ohne Besuch Alpski-Vecer. Vom Donnerstag 24. bis Montag 28. April 2014 durften wir uns mit zirka 70 Oberkrainer &#8211; Musikbegeisterte&#46;&#46;&#46;<\/p>\n","protected":false},"author":1,"featured_media":0,"comment_status":"closed","ping_status":"open","sticky":false,"template":"","format":"standard","meta":{"advgb_blocks_editor_width":"","advgb_blocks_columns_visual_guide":"","footnotes":""},"categories":[12],"tags":[],"class_list":["post-83","post","type-post","status-publish","format-standard","hentry","category-berichte"],"author_meta":{"display_name":"admin","author_link":"https:\/\/www.ohrestueber.ch\/?author=1"},"featured_img":null,"coauthors":[],"tax_additional":{"categories":{"linked":["<a href=\"https:\/\/www.ohrestueber.ch\/?cat=12\" class=\"advgb-post-tax-term\">Berichte<\/a>"],"unlinked":["<span class=\"advgb-post-tax-term\">Berichte<\/span>"]}},"comment_count":"0","relative_dates":{"created":"Posted 11 Jahren ago","modified":"Updated 8 Jahren ago"},"absolute_dates":{"created":"Posted on 17. September 2015","modified":"Updated on 19. September 2018"},"absolute_dates_time":{"created":"Posted on 17. September 2015 22:21","modified":"Updated on 19. September 2018 11:58"},"featured_img_caption":"","series_order":"","_links":{"self":[{"href":"https:\/\/www.ohrestueber.ch\/index.php?rest_route=\/wp\/v2\/posts\/83","targetHints":{"allow":["GET"]}}],"collection":[{"href":"https:\/\/www.ohrestueber.ch\/index.php?rest_route=\/wp\/v2\/posts"}],"about":[{"href":"https:\/\/www.ohrestueber.ch\/index.php?rest_route=\/wp\/v2\/types\/post"}],"author":[{"embeddable":true,"href":"https:\/\/www.ohrestueber.ch\/index.php?rest_route=\/wp\/v2\/users\/1"}],"replies":[{"embeddable":true,"href":"https:\/\/www.ohrestueber.ch\/index.php?rest_route=%2Fwp%2Fv2%2Fcomments&post=83"}],"version-history":[{"count":5,"href":"https:\/\/www.ohrestueber.ch\/index.php?rest_route=\/wp\/v2\/posts\/83\/revisions"}],"predecessor-version":[{"id":477,"href":"https:\/\/www.ohrestueber.ch\/index.php?rest_route=\/wp\/v2\/posts\/83\/revisions\/477"}],"wp:attachment":[{"href":"https:\/\/www.ohrestueber.ch\/index.php?rest_route=%2Fwp%2Fv2%2Fmedia&parent=83"}],"wp:term":[{"taxonomy":"category","embeddable":true,"href":"https:\/\/www.ohrestueber.ch\/index.php?rest_route=%2Fwp%2Fv2%2Fcategories&post=83"},{"taxonomy":"post_tag","embeddable":true,"href":"https:\/\/www.ohrestueber.ch\/index.php?rest_route=%2Fwp%2Fv2%2Ftags&post=83"}],"curies":[{"name":"wp","href":"https:\/\/api.w.org\/{rel}","templated":true}]}}