{"id":549,"date":"2020-02-27T21:32:57","date_gmt":"2020-02-27T20:32:57","guid":{"rendered":"https:\/\/www.ohrestueber.ch\/?p=549"},"modified":"2020-02-27T21:45:35","modified_gmt":"2020-02-27T20:45:35","slug":"veranstaltungen-2019","status":"publish","type":"post","link":"https:\/\/www.ohrestueber.ch\/?p=549","title":{"rendered":"Veranstaltungen 2019"},"content":{"rendered":"\n<figure class=\"wp-block-table\"><table class=\"\"><tbody><tr><td>Donnerstag, 7. Februar<\/td><td>100 Jahre <a rel=\"noreferrer noopener\" href=\"http:\/\/mc-huenenberg.ch\/\" target=\"_blank\">M\u00e4nnerchor H\u00fcnenberg<\/a> <\/td><td>ab 15:30 Uhr  <\/td><\/tr><tr><td>Sonntag, 26. Mai <\/td><td><a rel=\"noreferrer noopener\" href=\"https:\/\/www.obfelden2019.ch\/\" target=\"_blank\">Turnfest Obfelden<\/a>, Fr\u00fchschoppenkonzert Festzelt <\/td><td>9.30 &#8211; 12 Uhr <\/td><\/tr><tr><td><em>Sonntag, 23. Juni<\/em> <\/td><td><em>Turner Obfelden<\/em> <\/td><td><\/td><\/tr><tr><td>Sonntag, 30. Juni <\/td><td>Platzkonzert, H\u00fcnenberg <\/td><td>16 &#8211; 19 Uhr <\/td><\/tr><tr><td>Sonntag, 21. Juli <\/td><td><a rel=\"noreferrer noopener\" href=\"http:\/\/camping-hopfraeben.ch\/\" target=\"_blank\">Camping Hopfreben<\/a><\/td><td>11 &#8211; 13 Uhr  <\/td><\/tr><tr><td>Mittwoch, 31. Juli <\/td><td><a rel=\"noreferrer noopener\" href=\"https:\/\/www.kulturobfelden.ch\/\" target=\"_blank\">Bundesfeier Obfelden<\/a>, Badi<\/td><td>18 Uhr  <\/td><\/tr><tr><td>Donnerstag, 1. August <\/td><td>Bundesfeier Wettswil a. A.<\/td><td>10 &#8211; 14 Uhr  <\/td><\/tr><tr><td>Sonntag, 11. August <\/td><td><a rel=\"noreferrer noopener\" href=\"https:\/\/www.felsenegg.com\/\" target=\"_blank\">Restaurant Felsenegg<\/a><\/td><td>11:30 Uhr  <\/td><\/tr><tr><td><strong>Sonntag, 8. September<\/strong> <\/td><td><strong>Fr\u00fchschoppen <a rel=\"noreferrer noopener\" href=\"http:\/\/www.litzi.ch\/\" target=\"_blank\">Restaurant Litzi<\/a><\/strong><\/td><td>10:30 Uhr  <\/td><\/tr><tr><td><strong>Sonntag, 15. September<\/strong> <\/td><td><strong><a rel=\"noreferrer noopener\" href=\"https:\/\/www.pilzvereinzug.ch\/\" target=\"_blank\">Pilz-Risotto-Anlass<\/a>, Zugerberg<\/strong><\/td><td>11:30 Uhr  <\/td><\/tr><tr><td>Mittwoch, 13. November <\/td><td>Privater Anlass\u00a0 <\/td><td><\/td><\/tr><tr><td><\/td><td><\/td><td><\/td><\/tr><\/tbody><\/table><\/figure>\n","protected":false},"excerpt":{"rendered":"<p>Donnerstag, 7. Februar 100 Jahre M\u00e4nnerchor H\u00fcnenberg ab 15:30 Uhr Sonntag, 26. Mai Turnfest Obfelden, Fr\u00fchschoppenkonzert Festzelt 9.30 &#8211; 12 Uhr Sonntag, 23. Juni Turner Obfelden Sonntag, 30. Juni Platzkonzert, H\u00fcnenberg 16 &#8211; 19&#46;&#46;&#46;<\/p>\n","protected":false},"author":1,"featured_media":0,"comment_status":"closed","ping_status":"closed","sticky":false,"template":"","format":"standard","meta":{"advgb_blocks_editor_width":"","advgb_blocks_columns_visual_guide":"","footnotes":""},"categories":[13],"tags":[],"class_list":["post-549","post","type-post","status-publish","format-standard","hentry","category-archiv"],"author_meta":{"display_name":"admin","author_link":"https:\/\/www.ohrestueber.ch\/?author=1"},"featured_img":null,"coauthors":[],"tax_additional":{"categories":{"linked":["<a href=\"https:\/\/www.ohrestueber.ch\/?cat=13\" class=\"advgb-post-tax-term\">Archiv<\/a>"],"unlinked":["<span class=\"advgb-post-tax-term\">Archiv<\/span>"]}},"comment_count":"0","relative_dates":{"created":"Posted 6 Jahren ago","modified":"Updated 6 Jahren ago"},"absolute_dates":{"created":"Posted on 27. Februar 2020","modified":"Updated on 27. Februar 2020"},"absolute_dates_time":{"created":"Posted on 27. Februar 2020 21:32","modified":"Updated on 27. Februar 2020 21:45"},"featured_img_caption":"","series_order":"","_links":{"self":[{"href":"https:\/\/www.ohrestueber.ch\/index.php?rest_route=\/wp\/v2\/posts\/549","targetHints":{"allow":["GET"]}}],"collection":[{"href":"https:\/\/www.ohrestueber.ch\/index.php?rest_route=\/wp\/v2\/posts"}],"about":[{"href":"https:\/\/www.ohrestueber.ch\/index.php?rest_route=\/wp\/v2\/types\/post"}],"author":[{"embeddable":true,"href":"https:\/\/www.ohrestueber.ch\/index.php?rest_route=\/wp\/v2\/users\/1"}],"replies":[{"embeddable":true,"href":"https:\/\/www.ohrestueber.ch\/index.php?rest_route=%2Fwp%2Fv2%2Fcomments&post=549"}],"version-history":[{"count":2,"href":"https:\/\/www.ohrestueber.ch\/index.php?rest_route=\/wp\/v2\/posts\/549\/revisions"}],"predecessor-version":[{"id":551,"href":"https:\/\/www.ohrestueber.ch\/index.php?rest_route=\/wp\/v2\/posts\/549\/revisions\/551"}],"wp:attachment":[{"href":"https:\/\/www.ohrestueber.ch\/index.php?rest_route=%2Fwp%2Fv2%2Fmedia&parent=549"}],"wp:term":[{"taxonomy":"category","embeddable":true,"href":"https:\/\/www.ohrestueber.ch\/index.php?rest_route=%2Fwp%2Fv2%2Fcategories&post=549"},{"taxonomy":"post_tag","embeddable":true,"href":"https:\/\/www.ohrestueber.ch\/index.php?rest_route=%2Fwp%2Fv2%2Ftags&post=549"}],"curies":[{"name":"wp","href":"https:\/\/api.w.org\/{rel}","templated":true}]}}