{"id":438,"date":"2018-05-23T14:14:48","date_gmt":"2018-05-23T13:14:48","guid":{"rendered":"http:\/\/www.ohrestueber.ch\/?p=438"},"modified":"2018-06-08T14:47:27","modified_gmt":"2018-06-08T13:47:27","slug":"platzkonzert-huenenberg-2018","status":"publish","type":"post","link":"https:\/\/www.ohrestueber.ch\/?p=438","title":{"rendered":"Platzkonzert H\u00fcnenberg 2018"},"content":{"rendered":"<h2>Sonntag 1. Juli 2018 ab 16.30 Uhr<a href=\"http:\/\/www.ohrestueber.ch\/wp-content\/uploads\/2018\/05\/2018_Sommerabend.jpg\"><img loading=\"lazy\" decoding=\"async\" class=\"size-medium wp-image-445 alignright\" src=\"http:\/\/www.ohrestueber.ch\/wp-content\/uploads\/2018\/05\/2018_Sommerabend-211x300.jpg\" alt=\"\" width=\"211\" height=\"300\" srcset=\"https:\/\/www.ohrestueber.ch\/wp-content\/uploads\/2018\/05\/2018_Sommerabend-211x300.jpg 211w, https:\/\/www.ohrestueber.ch\/wp-content\/uploads\/2018\/05\/2018_Sommerabend.jpg 453w\" sizes=\"auto, (max-width: 211px) 100vw, 211px\" \/><\/a><\/h2>\n<h2><strong>Platzkonzert in H\u00fcnenberg<\/strong><\/h2>\n<h2><b>Sommerabend-Fest mit Trachtengruppe<\/b><\/h2>\n<ul>\n<li><a href=\"http:\/\/mc-huenenberg.ch\/\" target=\"_blank\" rel=\"noopener noreferrer\">M\u00e4nnerchor H\u00fcnenberg<\/a><\/li>\n<li><a href=\"http:\/\/www.ohrestueber.ch\/\">Ohrest\u00fcber Musikanten<\/a><\/li>\n<li><a href=\"https:\/\/www.trachtenhuenenberg.ch\/\" target=\"_blank\" rel=\"noopener\">Trachtengruppe H\u00fcnenberg<\/a><\/li>\n<\/ul>\n","protected":false},"excerpt":{"rendered":"<p>Sonntag 1. Juli 2018 ab 16.30 Uhr Platzkonzert in H\u00fcnenberg Sommerabend-Fest mit Trachtengruppe M\u00e4nnerchor H\u00fcnenberg Ohrest\u00fcber Musikanten Trachtengruppe H\u00fcnenberg<\/p>\n","protected":false},"author":1,"featured_media":0,"comment_status":"closed","ping_status":"closed","sticky":false,"template":"","format":"standard","meta":{"advgb_blocks_editor_width":"","advgb_blocks_columns_visual_guide":"","footnotes":""},"categories":[8],"tags":[],"class_list":["post-438","post","type-post","status-publish","format-standard","hentry","category-auftritte"],"author_meta":{"display_name":"admin","author_link":"https:\/\/www.ohrestueber.ch\/?author=1"},"featured_img":null,"coauthors":[],"tax_additional":{"categories":{"linked":["<a href=\"https:\/\/www.ohrestueber.ch\/?cat=8\" class=\"advgb-post-tax-term\">Auftritte<\/a>"],"unlinked":["<span class=\"advgb-post-tax-term\">Auftritte<\/span>"]}},"comment_count":"0","relative_dates":{"created":"Posted 8 Jahren ago","modified":"Updated 8 Jahren ago"},"absolute_dates":{"created":"Posted on 23. Mai 2018","modified":"Updated on 8. Juni 2018"},"absolute_dates_time":{"created":"Posted on 23. Mai 2018 14:14","modified":"Updated on 8. Juni 2018 14:47"},"featured_img_caption":"","series_order":"","_links":{"self":[{"href":"https:\/\/www.ohrestueber.ch\/index.php?rest_route=\/wp\/v2\/posts\/438","targetHints":{"allow":["GET"]}}],"collection":[{"href":"https:\/\/www.ohrestueber.ch\/index.php?rest_route=\/wp\/v2\/posts"}],"about":[{"href":"https:\/\/www.ohrestueber.ch\/index.php?rest_route=\/wp\/v2\/types\/post"}],"author":[{"embeddable":true,"href":"https:\/\/www.ohrestueber.ch\/index.php?rest_route=\/wp\/v2\/users\/1"}],"replies":[{"embeddable":true,"href":"https:\/\/www.ohrestueber.ch\/index.php?rest_route=%2Fwp%2Fv2%2Fcomments&post=438"}],"version-history":[{"count":2,"href":"https:\/\/www.ohrestueber.ch\/index.php?rest_route=\/wp\/v2\/posts\/438\/revisions"}],"predecessor-version":[{"id":447,"href":"https:\/\/www.ohrestueber.ch\/index.php?rest_route=\/wp\/v2\/posts\/438\/revisions\/447"}],"wp:attachment":[{"href":"https:\/\/www.ohrestueber.ch\/index.php?rest_route=%2Fwp%2Fv2%2Fmedia&parent=438"}],"wp:term":[{"taxonomy":"category","embeddable":true,"href":"https:\/\/www.ohrestueber.ch\/index.php?rest_route=%2Fwp%2Fv2%2Fcategories&post=438"},{"taxonomy":"post_tag","embeddable":true,"href":"https:\/\/www.ohrestueber.ch\/index.php?rest_route=%2Fwp%2Fv2%2Ftags&post=438"}],"curies":[{"name":"wp","href":"https:\/\/api.w.org\/{rel}","templated":true}]}}