{"id":424,"date":"2018-04-04T12:13:16","date_gmt":"2018-04-04T11:13:16","guid":{"rendered":"http:\/\/www.ohrestueber.ch\/?p=424"},"modified":"2018-04-04T12:13:16","modified_gmt":"2018-04-04T11:13:16","slug":"veranstaltungen-2017","status":"publish","type":"post","link":"https:\/\/www.ohrestueber.ch\/?p=424","title":{"rendered":"Veranstaltungen 2017"},"content":{"rendered":"<table border=\"0\" width=\"100%\" cellspacing=\"0\" cellpadding=\"2\">\n<tbody>\n<tr>\n<td style=\"text-align: left;\">Samstag, 29. April 2017<\/td>\n<td style=\"text-align: left;\">privater Anlass<\/td>\n<td style=\"text-align: left;\"><\/td>\n<\/tr>\n<tr>\n<td style=\"text-align: left;\" bgcolor=\"#EEEEEE\">8. &#8211; 12. Juni 2017<\/td>\n<td style=\"text-align: left;\" bgcolor=\"#EEEEEE\"><a href=\"http:\/\/www.ohrestueber.ch\/?p=382\"><strong>Musikreise S\u00fcdtirol<\/strong><\/a><\/td>\n<td style=\"text-align: left;\" bgcolor=\"#EEEEEE\"><\/td>\n<\/tr>\n<tr>\n<td style=\"text-align: left;\">Sonntag, 18. Juni 2017<\/td>\n<td style=\"text-align: left;\">Apero Jubil\u00e4um MV Steinerberg<strong><br \/>\n<\/strong><\/td>\n<td style=\"text-align: left;\">8.45 &#8211; 9.45 Uhr<\/td>\n<\/tr>\n<tr>\n<td style=\"text-align: left;\" bgcolor=\"#EEEEEE\">Sonntag, 2. Juli 2017<\/td>\n<td style=\"text-align: left;\" bgcolor=\"#EEEEEE\"><a href=\"http:\/\/www.ohrestueber.ch\/?p=396\">Platzkonzert <\/a>in H\u00fcnenberg<\/td>\n<td style=\"text-align: left;\" bgcolor=\"#EEEEEE\">ab 17.00 Uhr<\/td>\n<\/tr>\n<tr>\n<td style=\"text-align: left;\">Sonntag, 23. Juli 2017<\/td>\n<td style=\"text-align: left;\">Camping <a href=\"http:\/\/camping-hopfraeben.ch\/\" target=\"_blank\" rel=\"noopener noreferrer\">Hopfr\u00e4ben<\/a>, Brunnen<\/td>\n<td style=\"text-align: left;\">11 &#8211; 13 Uhr<\/td>\n<\/tr>\n<tr>\n<td style=\"text-align: left;\" bgcolor=\"#EEEEEE\">Dienstag, 1. August 2017<\/td>\n<td style=\"text-align: left;\" bgcolor=\"#EEEEEE\">Bundesfeier Wettswil am Albis<\/td>\n<td style=\"text-align: left;\" bgcolor=\"#EEEEEE\">10 &#8211; 14 Uhr<\/td>\n<\/tr>\n<tr>\n<td style=\"text-align: left;\">Samstag, 12. August 2017<\/td>\n<td style=\"text-align: left;\">privater Anlass<\/td>\n<td style=\"text-align: left;\"><\/td>\n<\/tr>\n<tr>\n<td style=\"text-align: left;\" bgcolor=\"#EEEEEE\">Sonntag, 13. August 2017<\/td>\n<td style=\"text-align: left;\" bgcolor=\"#EEEEEE\">Restaurant Felsenegg<\/td>\n<td style=\"text-align: left;\" bgcolor=\"#EEEEEE\">ab 11:30 Uhr<\/td>\n<\/tr>\n<tr>\n<td style=\"text-align: left;\">Donnerstag, 24. August 2017<\/td>\n<td style=\"text-align: left;\">privater Anlass<\/td>\n<td style=\"text-align: left;\"><\/td>\n<\/tr>\n<tr>\n<td style=\"text-align: left;\" bgcolor=\"#EEEEEE\">Sonntag, 27 August 2017<\/td>\n<td style=\"text-align: left;\" bgcolor=\"#EEEEEE\">Fr\u00fchschoppen im <a href=\"http:\/\/www.litzi.ch\/\" target=\"_blank\" rel=\"noopener noreferrer\">Restaurant Litzi<\/a>, Jonen<\/td>\n<td style=\"text-align: left;\" bgcolor=\"#EEEEEE\">ab 10.30 Uhr<\/td>\n<\/tr>\n<tr>\n<td style=\"text-align: left;\"><strong>Sonntag, 17. Septemberr 2017<\/strong><br \/>\n<strong> (Verschiebedatum 24.9.2017)<\/strong><\/td>\n<td style=\"text-align: left;\"><strong><a href=\"http:\/\/www.pilzvereinzug.ch\/\" target=\"_blank\" rel=\"noopener noreferrer\">Pilzverein Zug,<\/a> Pilzh\u00fctte Horbach, Zugerberg<\/strong><\/td>\n<td style=\"text-align: left;\">ab 12.00 Uhr<\/td>\n<\/tr>\n<\/tbody>\n<\/table>\n<p><strong>Anfragen richte bitte an Robert Huber (siehe <a href=\"http:\/\/www.ohrestueber.ch\/?page_id=15\">Kontakt<\/a>)<\/strong><\/p>\n","protected":false},"excerpt":{"rendered":"<p>Samstag, 29. April 2017 privater Anlass 8. &#8211; 12. Juni 2017 Musikreise S\u00fcdtirol Sonntag, 18. Juni 2017 Apero Jubil\u00e4um MV Steinerberg 8.45 &#8211; 9.45 Uhr Sonntag, 2. Juli 2017 Platzkonzert in H\u00fcnenberg ab 17.00&#46;&#46;&#46;<\/p>\n","protected":false},"author":1,"featured_media":0,"comment_status":"closed","ping_status":"closed","sticky":false,"template":"","format":"standard","meta":{"advgb_blocks_editor_width":"","advgb_blocks_columns_visual_guide":"","footnotes":""},"categories":[13],"tags":[],"class_list":["post-424","post","type-post","status-publish","format-standard","hentry","category-archiv"],"author_meta":{"display_name":"admin","author_link":"https:\/\/www.ohrestueber.ch\/?author=1"},"featured_img":null,"coauthors":[],"tax_additional":{"categories":{"linked":["<a href=\"https:\/\/www.ohrestueber.ch\/?cat=13\" class=\"advgb-post-tax-term\">Archiv<\/a>"],"unlinked":["<span class=\"advgb-post-tax-term\">Archiv<\/span>"]}},"comment_count":"0","relative_dates":{"created":"Posted 8 Jahren ago","modified":"Updated 8 Jahren ago"},"absolute_dates":{"created":"Posted on 4. April 2018","modified":"Updated on 4. April 2018"},"absolute_dates_time":{"created":"Posted on 4. April 2018 12:13","modified":"Updated on 4. April 2018 12:13"},"featured_img_caption":"","series_order":"","_links":{"self":[{"href":"https:\/\/www.ohrestueber.ch\/index.php?rest_route=\/wp\/v2\/posts\/424","targetHints":{"allow":["GET"]}}],"collection":[{"href":"https:\/\/www.ohrestueber.ch\/index.php?rest_route=\/wp\/v2\/posts"}],"about":[{"href":"https:\/\/www.ohrestueber.ch\/index.php?rest_route=\/wp\/v2\/types\/post"}],"author":[{"embeddable":true,"href":"https:\/\/www.ohrestueber.ch\/index.php?rest_route=\/wp\/v2\/users\/1"}],"replies":[{"embeddable":true,"href":"https:\/\/www.ohrestueber.ch\/index.php?rest_route=%2Fwp%2Fv2%2Fcomments&post=424"}],"version-history":[{"count":1,"href":"https:\/\/www.ohrestueber.ch\/index.php?rest_route=\/wp\/v2\/posts\/424\/revisions"}],"predecessor-version":[{"id":425,"href":"https:\/\/www.ohrestueber.ch\/index.php?rest_route=\/wp\/v2\/posts\/424\/revisions\/425"}],"wp:attachment":[{"href":"https:\/\/www.ohrestueber.ch\/index.php?rest_route=%2Fwp%2Fv2%2Fmedia&parent=424"}],"wp:term":[{"taxonomy":"category","embeddable":true,"href":"https:\/\/www.ohrestueber.ch\/index.php?rest_route=%2Fwp%2Fv2%2Fcategories&post=424"},{"taxonomy":"post_tag","embeddable":true,"href":"https:\/\/www.ohrestueber.ch\/index.php?rest_route=%2Fwp%2Fv2%2Ftags&post=424"}],"curies":[{"name":"wp","href":"https:\/\/api.w.org\/{rel}","templated":true}]}}